{"id":1319,"date":"2018-11-05T09:13:50","date_gmt":"2018-11-05T09:13:50","guid":{"rendered":"http:\/\/josehuerta.fr\/?p=1319"},"modified":"2021-11-29T16:52:50","modified_gmt":"2021-11-29T16:52:50","slug":"label-ecoles-de-commerce-equitable-lexemple-du-lycee-bel-orme","status":"publish","type":"post","link":"http:\/\/josehuerta.fr\/?p=1319","title":{"rendered":"Label Ecoles de Commerce \u00c9quitable : l&rsquo;exemple du Lyc\u00e9e Bel-Orme"},"content":{"rendered":"\n<p>Ventes de produits \u00e9quitables, sensibilisation des \u00e9l\u00e8ves, partenariat avec Artisans du Monde Bordeaux, Repas \u00e9quitable \u00e0 la cantine\u2026 Il s&rsquo;en passe des choses au Lyc\u00e9e Bel-Orme ! D\u00e9couvrez comment cet \u00e9tablissement est devenu labelis\u00e9 \u00ab\u00a0Lyc\u00e9e de Commerce Equitable\u00a0\u00bb, et ce que cela a permis !<br> Ce lyc\u00e9e lab\u00e9lis\u00e9 en 2017 met en place des actions sur les 5 objectifs du label. Retrouvez le t\u00e9moignage de Sophie Dionisi depuis la boutique p\u00e9dagogique du lyc\u00e9e.<\/p>\n\n\n\n<figure><iframe loading=\"lazy\" src=\"https:\/\/player.vimeo.com\/video\/311534573\" width=\"640\" height=\"360\" allowfullscreen=\"\"><\/iframe><\/figure>\n","protected":false},"excerpt":{"rendered":"<p>Ventes de produits \u00e9quitables, sensibilisation des \u00e9l\u00e8ves, partenariat avec Artisans du Monde Bordeaux, Repas \u00e9quitable \u00e0 la cantine\u2026 Il s&rsquo;en passe des choses au Lyc\u00e9e Bel-Orme ! D\u00e9couvrez comment cet \u00e9tablissement est devenu labelis\u00e9 \u00ab\u00a0Lyc\u00e9e de Commerce Equitable\u00a0\u00bb, et ce que cela a permis ! Ce lyc\u00e9e lab\u00e9lis\u00e9 en 2017 met en place des actions [&hellip;]<\/p>\n","protected":false},"author":1,"featured_media":1295,"comment_status":"closed","ping_status":"closed","sticky":false,"template":"","format":"standard","meta":{"footnotes":""},"categories":[38,40,3],"tags":[48,55,50],"class_list":["post-1319","post","type-post","status-publish","format-standard","has-post-thumbnail","hentry","category-38","category-artisans-du-monde","category-institutionnels","tag-commerce-equitable","tag-reportage","tag-education"],"_links":{"self":[{"href":"http:\/\/josehuerta.fr\/index.php?rest_route=\/wp\/v2\/posts\/1319","targetHints":{"allow":["GET"]}}],"collection":[{"href":"http:\/\/josehuerta.fr\/index.php?rest_route=\/wp\/v2\/posts"}],"about":[{"href":"http:\/\/josehuerta.fr\/index.php?rest_route=\/wp\/v2\/types\/post"}],"author":[{"embeddable":true,"href":"http:\/\/josehuerta.fr\/index.php?rest_route=\/wp\/v2\/users\/1"}],"replies":[{"embeddable":true,"href":"http:\/\/josehuerta.fr\/index.php?rest_route=%2Fwp%2Fv2%2Fcomments&post=1319"}],"version-history":[{"count":1,"href":"http:\/\/josehuerta.fr\/index.php?rest_route=\/wp\/v2\/posts\/1319\/revisions"}],"predecessor-version":[{"id":1320,"href":"http:\/\/josehuerta.fr\/index.php?rest_route=\/wp\/v2\/posts\/1319\/revisions\/1320"}],"wp:featuredmedia":[{"embeddable":true,"href":"http:\/\/josehuerta.fr\/index.php?rest_route=\/wp\/v2\/media\/1295"}],"wp:attachment":[{"href":"http:\/\/josehuerta.fr\/index.php?rest_route=%2Fwp%2Fv2%2Fmedia&parent=1319"}],"wp:term":[{"taxonomy":"category","embeddable":true,"href":"http:\/\/josehuerta.fr\/index.php?rest_route=%2Fwp%2Fv2%2Fcategories&post=1319"},{"taxonomy":"post_tag","embeddable":true,"href":"http:\/\/josehuerta.fr\/index.php?rest_route=%2Fwp%2Fv2%2Ftags&post=1319"}],"curies":[{"name":"wp","href":"https:\/\/api.w.org\/{rel}","templated":true}]}}